{"id":7412,"date":"2026-09-04T12:36:03","date_gmt":"2026-09-04T09:36:03","guid":{"rendered":"https:\/\/fbta.net\/?p=7412"},"modified":"2026-09-04T12:36:03","modified_gmt":"2026-09-04T09:36:03","slug":"ulkoministerio-kannustaa-tapahtuma-alaa-nostamaan-suomalaisen-ruokakulttuurin-nakyvaksi-osaksi-kansainvalisia-vierailuja","status":"publish","type":"post","link":"https:\/\/fbta.net\/en\/ulkoministerio-kannustaa-tapahtuma-alaa-nostamaan-suomalaisen-ruokakulttuurin-nakyvaksi-osaksi-kansainvalisia-vierailuja\/","title":{"rendered":"Ulkoministeri\u00f6 kannustaa tapahtuma-alaa nostamaan suomalaisen ruokakulttuurin n\u00e4kyv\u00e4ksi osaksi kansainv\u00e4lisi\u00e4 vierailuja"},"content":{"rendered":"<p>Ulkoministeri\u00f6 on k\u00e4ynnist\u00e4nyt pilottiyhteisty\u00f6n hotelli- ja tapahtuma-alan toimijoiden kanssa vahvistaakseen suomalaisen ruokakulttuurin n\u00e4kyvyytt\u00e4 kansainv\u00e4lisiss\u00e4 kokouksissa ja tapahtumissa. Samalla ulkoministeri\u00f6 kannustaa koko tapahtuma-alan tekem\u00e4\u00e4n suomalaisista mauista entist\u00e4 n\u00e4kyv\u00e4mm\u00e4n osan kansainv\u00e4listen vieraiden kokemusta.<\/p>\n\n\n\n<p>Pilottiin osallistuivat Sokos Hotels, Scandic Hotels ja Strawberry. Yhteisty\u00f6n tuloksena hotellit kokosivat suomalaiset kokoustarjoilunsa omiksi kokonaisuuksikseen sek\u00e4 myyntiorganisaatioidensa ett\u00e4 asiakkaiden k\u00e4ytt\u00f6\u00f6n, ja tarjoilut l\u00f6ytyv\u00e4t aiempaa helpommin my\u00f6s hotellien verkkosivuilta.<\/p>\n\n\n\n<p>Ulkoministeri\u00f6n 4.9. julkaistu tiedote on kokonaisuudessaan luettavissa <a href=\"https:\/\/um.fi\/ajankohtaista\/-\/asset_publisher\/gc654PySnjTX\/content\/ulkoministerio-kannustaa-tapahtuma-alaa-nostamaan-suomalaisen-ruokakulttuurin-nakyvaksi-osaksi-kansainvalisia-vierailuja\" target=\"_blank\" rel=\"noreferrer noopener\">here<\/a>.<\/p>","protected":false},"excerpt":{"rendered":"<p>Ulkoministeri\u00f6 on k\u00e4ynnist\u00e4nyt pilottiyhteisty\u00f6n hotelli- ja tapahtuma-alan toimijoiden kanssa vahvistaakseen suomalaisen ruokakulttuurin n\u00e4kyvyytt\u00e4 kansainv\u00e4lisiss\u00e4 kokouksissa ja tapahtumissa. Samalla ulkoministeri\u00f6 kannustaa koko tapahtuma-alan tekem\u00e4\u00e4n suomalaisista mauista entist\u00e4 n\u00e4kyv\u00e4mm\u00e4n osan kansainv\u00e4listen vieraiden [&hellip;]<\/p>\n","protected":false},"author":5,"featured_media":0,"comment_status":"closed","ping_status":"closed","sticky":false,"template":"","format":"standard","meta":{"_uag_custom_page_level_css":"","_genesis_hide_title":false,"_genesis_hide_breadcrumbs":false,"_genesis_hide_singular_image":false,"_genesis_hide_footer_widgets":false,"_genesis_custom_body_class":"","_genesis_custom_post_class":"","_genesis_layout":"","footnotes":"","_members_access_role":[],"_members_access_error":""},"categories":[1],"tags":[686,687],"class_list":["post-7412","post","type-post","status-publish","format-standard","category-ajankohtaista","tag-ruokakulttuuri","tag-tapahtuma-ala","entry"],"yoast_head":"<!-- This site is optimized with the Yoast SEO plugin v28.2 - https:\/\/yoast.com\/product\/yoast-seo-wordpress\/ -->\n<title>Ulkoministeri\u00f6 kannustaa tapahtuma-alaa nostamaan suomalaisen ruokakulttuurin n\u00e4kyv\u00e4ksi osaksi kansainv\u00e4lisi\u00e4 vierailuja | Suomen Liikematkayhdistys ry FBTA<\/title>\n<meta name=\"robots\" content=\"index, follow, max-snippet:-1, max-image-preview:large, max-video-preview:-1\" \/>\n<link rel=\"canonical\" href=\"https:\/\/fbta.net\/en\/ulkoministerio-kannustaa-tapahtuma-alaa-nostamaan-suomalaisen-ruokakulttuurin-nakyvaksi-osaksi-kansainvalisia-vierailuja\/\" \/>\n<meta property=\"og:locale\" content=\"en_GB\" \/>\n<meta property=\"og:type\" content=\"article\" \/>\n<meta property=\"og:title\" content=\"Ulkoministeri\u00f6 kannustaa tapahtuma-alaa nostamaan suomalaisen ruokakulttuurin n\u00e4kyv\u00e4ksi osaksi kansainv\u00e4lisi\u00e4 vierailuja | Suomen Liikematkayhdistys ry FBTA\" \/>\n<meta property=\"og:description\" content=\"Ulkoministeri\u00f6 on k\u00e4ynnist\u00e4nyt pilottiyhteisty\u00f6n hotelli- ja tapahtuma-alan toimijoiden kanssa vahvistaakseen suomalaisen ruokakulttuurin n\u00e4kyvyytt\u00e4 kansainv\u00e4lisiss\u00e4 kokouksissa ja tapahtumissa. Samalla ulkoministeri\u00f6 kannustaa koko tapahtuma-alan tekem\u00e4\u00e4n suomalaisista mauista entist\u00e4 n\u00e4kyv\u00e4mm\u00e4n osan kansainv\u00e4listen vieraiden [&hellip;]\" \/>\n<meta property=\"og:url\" content=\"https:\/\/fbta.net\/en\/ulkoministerio-kannustaa-tapahtuma-alaa-nostamaan-suomalaisen-ruokakulttuurin-nakyvaksi-osaksi-kansainvalisia-vierailuja\/\" \/>\n<meta property=\"og:site_name\" content=\"Suomen Liikematkayhdistys ry FBTA\" \/>\n<meta property=\"article:published_time\" content=\"2026-09-04T09:36:03+00:00\" \/>\n<meta property=\"og:image\" content=\"https:\/\/fbta.net\/wp-content\/uploads\/115623628_m_normal_none-scaled.jpg\" \/>\n\t<meta property=\"og:image:width\" content=\"2560\" \/>\n\t<meta property=\"og:image:height\" content=\"1280\" \/>\n\t<meta property=\"og:image:type\" content=\"image\/jpeg\" \/>\n<meta name=\"author\" content=\"Sari Viljamaa\" \/>\n<meta name=\"twitter:card\" content=\"summary_large_image\" \/>\n<meta name=\"twitter:label1\" content=\"Written by\" \/>\n\t<meta name=\"twitter:data1\" content=\"Sari Viljamaa\" \/>\n\t<meta name=\"twitter:label2\" content=\"Estimated reading time\" \/>\n\t<meta name=\"twitter:data2\" content=\"1 minute\" \/>\n<script type=\"application\/ld+json\" class=\"yoast-schema-graph\">{\"@context\":\"https:\\\/\\\/schema.org\",\"@graph\":[{\"@type\":\"Article\",\"@id\":\"https:\\\/\\\/fbta.net\\\/ulkoministerio-kannustaa-tapahtuma-alaa-nostamaan-suomalaisen-ruokakulttuurin-nakyvaksi-osaksi-kansainvalisia-vierailuja\\\/#article\",\"isPartOf\":{\"@id\":\"https:\\\/\\\/fbta.net\\\/ulkoministerio-kannustaa-tapahtuma-alaa-nostamaan-suomalaisen-ruokakulttuurin-nakyvaksi-osaksi-kansainvalisia-vierailuja\\\/\"},\"author\":{\"name\":\"Sari Viljamaa\",\"@id\":\"https:\\\/\\\/fbta.net\\\/#\\\/schema\\\/person\\\/4a2dd909646c4dc6a80f998e7ad6b4b8\"},\"headline\":\"Ulkoministeri\u00f6 kannustaa tapahtuma-alaa nostamaan suomalaisen ruokakulttuurin n\u00e4kyv\u00e4ksi osaksi kansainv\u00e4lisi\u00e4 vierailuja\",\"datePublished\":\"2026-09-04T09:36:03+00:00\",\"mainEntityOfPage\":{\"@id\":\"https:\\\/\\\/fbta.net\\\/ulkoministerio-kannustaa-tapahtuma-alaa-nostamaan-suomalaisen-ruokakulttuurin-nakyvaksi-osaksi-kansainvalisia-vierailuja\\\/\"},\"wordCount\":98,\"publisher\":{\"@id\":\"https:\\\/\\\/fbta.net\\\/#organization\"},\"keywords\":[\"Ruokakulttuuri\",\"Tapahtuma-ala\"],\"articleSection\":[\"Ajankohtaista\"],\"inLanguage\":\"en-GB\"},{\"@type\":\"WebPage\",\"@id\":\"https:\\\/\\\/fbta.net\\\/ulkoministerio-kannustaa-tapahtuma-alaa-nostamaan-suomalaisen-ruokakulttuurin-nakyvaksi-osaksi-kansainvalisia-vierailuja\\\/\",\"url\":\"https:\\\/\\\/fbta.net\\\/ulkoministerio-kannustaa-tapahtuma-alaa-nostamaan-suomalaisen-ruokakulttuurin-nakyvaksi-osaksi-kansainvalisia-vierailuja\\\/\",\"name\":\"Ulkoministeri\u00f6 kannustaa tapahtuma-alaa nostamaan suomalaisen ruokakulttuurin n\u00e4kyv\u00e4ksi osaksi kansainv\u00e4lisi\u00e4 vierailuja | Suomen Liikematkayhdistys ry FBTA\",\"isPartOf\":{\"@id\":\"https:\\\/\\\/fbta.net\\\/#website\"},\"datePublished\":\"2026-09-04T09:36:03+00:00\",\"breadcrumb\":{\"@id\":\"https:\\\/\\\/fbta.net\\\/ulkoministerio-kannustaa-tapahtuma-alaa-nostamaan-suomalaisen-ruokakulttuurin-nakyvaksi-osaksi-kansainvalisia-vierailuja\\\/#breadcrumb\"},\"inLanguage\":\"en-GB\",\"potentialAction\":[{\"@type\":\"ReadAction\",\"target\":[\"https:\\\/\\\/fbta.net\\\/ulkoministerio-kannustaa-tapahtuma-alaa-nostamaan-suomalaisen-ruokakulttuurin-nakyvaksi-osaksi-kansainvalisia-vierailuja\\\/\"]}]},{\"@type\":\"BreadcrumbList\",\"@id\":\"https:\\\/\\\/fbta.net\\\/ulkoministerio-kannustaa-tapahtuma-alaa-nostamaan-suomalaisen-ruokakulttuurin-nakyvaksi-osaksi-kansainvalisia-vierailuja\\\/#breadcrumb\",\"itemListElement\":[{\"@type\":\"ListItem\",\"position\":1,\"name\":\"Etusivu\",\"item\":\"https:\\\/\\\/fbta.net\\\/\"},{\"@type\":\"ListItem\",\"position\":2,\"name\":\"Ulkoministeri\u00f6 kannustaa tapahtuma-alaa nostamaan suomalaisen ruokakulttuurin n\u00e4kyv\u00e4ksi osaksi kansainv\u00e4lisi\u00e4 vierailuja\"}]},{\"@type\":\"WebSite\",\"@id\":\"https:\\\/\\\/fbta.net\\\/#website\",\"url\":\"https:\\\/\\\/fbta.net\\\/\",\"name\":\"Suomen Liikematkayhdistys ry FBTA\",\"description\":\"Suomen Liikematkayhdistys ry FBTA on liikematka\u00adpalveluja ostavien ja niit\u00e4 elinkeinokseen tarjoavien yritysten j\u00e4rjest\u00f6, jonka teht\u00e4v\u00e4 on edist\u00e4\u00e4 hyv\u00e4\u00e4 ja kustannus\u00adtehokasta matka- ja kokoushallintoa.\",\"publisher\":{\"@id\":\"https:\\\/\\\/fbta.net\\\/#organization\"},\"potentialAction\":[{\"@type\":\"SearchAction\",\"target\":{\"@type\":\"EntryPoint\",\"urlTemplate\":\"https:\\\/\\\/fbta.net\\\/?s={search_term_string}\"},\"query-input\":{\"@type\":\"PropertyValueSpecification\",\"valueRequired\":true,\"valueName\":\"search_term_string\"}}],\"inLanguage\":\"en-GB\"},{\"@type\":\"Organization\",\"@id\":\"https:\\\/\\\/fbta.net\\\/#organization\",\"name\":\"Suomen Liikematkayhdistys ry FBTA\",\"url\":\"https:\\\/\\\/fbta.net\\\/\",\"logo\":{\"@type\":\"ImageObject\",\"inLanguage\":\"en-GB\",\"@id\":\"https:\\\/\\\/fbta.net\\\/#\\\/schema\\\/logo\\\/image\\\/\",\"url\":\"https:\\\/\\\/fbta.net\\\/wp-content\\\/uploads\\\/FBTA_logo_RGB_150dpi_withtext.png\",\"contentUrl\":\"https:\\\/\\\/fbta.net\\\/wp-content\\\/uploads\\\/FBTA_logo_RGB_150dpi_withtext.png\",\"width\":827,\"height\":531,\"caption\":\"Suomen Liikematkayhdistys ry FBTA\"},\"image\":{\"@id\":\"https:\\\/\\\/fbta.net\\\/#\\\/schema\\\/logo\\\/image\\\/\"}},{\"@type\":\"Person\",\"@id\":\"https:\\\/\\\/fbta.net\\\/#\\\/schema\\\/person\\\/4a2dd909646c4dc6a80f998e7ad6b4b8\",\"name\":\"Sari Viljamaa\",\"image\":{\"@type\":\"ImageObject\",\"inLanguage\":\"en-GB\",\"@id\":\"https:\\\/\\\/secure.gravatar.com\\\/avatar\\\/eab906c18da9dd23de305013510035c7d1c6ef789231b3cce980a767e530840a?s=96&d=mm&r=g\",\"url\":\"https:\\\/\\\/secure.gravatar.com\\\/avatar\\\/eab906c18da9dd23de305013510035c7d1c6ef789231b3cce980a767e530840a?s=96&d=mm&r=g\",\"contentUrl\":\"https:\\\/\\\/secure.gravatar.com\\\/avatar\\\/eab906c18da9dd23de305013510035c7d1c6ef789231b3cce980a767e530840a?s=96&d=mm&r=g\",\"caption\":\"Sari Viljamaa\"}}]}<\/script>\n<!-- \/ Yoast SEO plugin. -->","yoast_head_json":{"title":"Ulkoministeri\u00f6 kannustaa tapahtuma-alaa nostamaan suomalaisen ruokakulttuurin n\u00e4kyv\u00e4ksi osaksi kansainv\u00e4lisi\u00e4 vierailuja | Suomen Liikematkayhdistys ry FBTA","robots":{"index":"index","follow":"follow","max-snippet":"max-snippet:-1","max-image-preview":"max-image-preview:large","max-video-preview":"max-video-preview:-1"},"canonical":"https:\/\/fbta.net\/en\/ulkoministerio-kannustaa-tapahtuma-alaa-nostamaan-suomalaisen-ruokakulttuurin-nakyvaksi-osaksi-kansainvalisia-vierailuja\/","og_locale":"en_GB","og_type":"article","og_title":"Ulkoministeri\u00f6 kannustaa tapahtuma-alaa nostamaan suomalaisen ruokakulttuurin n\u00e4kyv\u00e4ksi osaksi kansainv\u00e4lisi\u00e4 vierailuja | Suomen Liikematkayhdistys ry FBTA","og_description":"Ulkoministeri\u00f6 on k\u00e4ynnist\u00e4nyt pilottiyhteisty\u00f6n hotelli- ja tapahtuma-alan toimijoiden kanssa vahvistaakseen suomalaisen ruokakulttuurin n\u00e4kyvyytt\u00e4 kansainv\u00e4lisiss\u00e4 kokouksissa ja tapahtumissa. Samalla ulkoministeri\u00f6 kannustaa koko tapahtuma-alan tekem\u00e4\u00e4n suomalaisista mauista entist\u00e4 n\u00e4kyv\u00e4mm\u00e4n osan kansainv\u00e4listen vieraiden [&hellip;]","og_url":"https:\/\/fbta.net\/en\/ulkoministerio-kannustaa-tapahtuma-alaa-nostamaan-suomalaisen-ruokakulttuurin-nakyvaksi-osaksi-kansainvalisia-vierailuja\/","og_site_name":"Suomen Liikematkayhdistys ry FBTA","article_published_time":"2026-09-04T09:36:03+00:00","og_image":[{"width":2560,"height":1280,"url":"https:\/\/fbta.net\/wp-content\/uploads\/115623628_m_normal_none-scaled.jpg","type":"image\/jpeg"}],"author":"Sari Viljamaa","twitter_card":"summary_large_image","twitter_misc":{"Written by":"Sari Viljamaa","Estimated reading time":"1 minute"},"schema":{"@context":"https:\/\/schema.org","@graph":[{"@type":"Article","@id":"https:\/\/fbta.net\/ulkoministerio-kannustaa-tapahtuma-alaa-nostamaan-suomalaisen-ruokakulttuurin-nakyvaksi-osaksi-kansainvalisia-vierailuja\/#article","isPartOf":{"@id":"https:\/\/fbta.net\/ulkoministerio-kannustaa-tapahtuma-alaa-nostamaan-suomalaisen-ruokakulttuurin-nakyvaksi-osaksi-kansainvalisia-vierailuja\/"},"author":{"name":"Sari Viljamaa","@id":"https:\/\/fbta.net\/#\/schema\/person\/4a2dd909646c4dc6a80f998e7ad6b4b8"},"headline":"Ulkoministeri\u00f6 kannustaa tapahtuma-alaa nostamaan suomalaisen ruokakulttuurin n\u00e4kyv\u00e4ksi osaksi kansainv\u00e4lisi\u00e4 vierailuja","datePublished":"2026-09-04T09:36:03+00:00","mainEntityOfPage":{"@id":"https:\/\/fbta.net\/ulkoministerio-kannustaa-tapahtuma-alaa-nostamaan-suomalaisen-ruokakulttuurin-nakyvaksi-osaksi-kansainvalisia-vierailuja\/"},"wordCount":98,"publisher":{"@id":"https:\/\/fbta.net\/#organization"},"keywords":["Ruokakulttuuri","Tapahtuma-ala"],"articleSection":["Ajankohtaista"],"inLanguage":"en-GB"},{"@type":"WebPage","@id":"https:\/\/fbta.net\/ulkoministerio-kannustaa-tapahtuma-alaa-nostamaan-suomalaisen-ruokakulttuurin-nakyvaksi-osaksi-kansainvalisia-vierailuja\/","url":"https:\/\/fbta.net\/ulkoministerio-kannustaa-tapahtuma-alaa-nostamaan-suomalaisen-ruokakulttuurin-nakyvaksi-osaksi-kansainvalisia-vierailuja\/","name":"Ulkoministeri\u00f6 kannustaa tapahtuma-alaa nostamaan suomalaisen ruokakulttuurin n\u00e4kyv\u00e4ksi osaksi kansainv\u00e4lisi\u00e4 vierailuja | Suomen Liikematkayhdistys ry FBTA","isPartOf":{"@id":"https:\/\/fbta.net\/#website"},"datePublished":"2026-09-04T09:36:03+00:00","breadcrumb":{"@id":"https:\/\/fbta.net\/ulkoministerio-kannustaa-tapahtuma-alaa-nostamaan-suomalaisen-ruokakulttuurin-nakyvaksi-osaksi-kansainvalisia-vierailuja\/#breadcrumb"},"inLanguage":"en-GB","potentialAction":[{"@type":"ReadAction","target":["https:\/\/fbta.net\/ulkoministerio-kannustaa-tapahtuma-alaa-nostamaan-suomalaisen-ruokakulttuurin-nakyvaksi-osaksi-kansainvalisia-vierailuja\/"]}]},{"@type":"BreadcrumbList","@id":"https:\/\/fbta.net\/ulkoministerio-kannustaa-tapahtuma-alaa-nostamaan-suomalaisen-ruokakulttuurin-nakyvaksi-osaksi-kansainvalisia-vierailuja\/#breadcrumb","itemListElement":[{"@type":"ListItem","position":1,"name":"Etusivu","item":"https:\/\/fbta.net\/"},{"@type":"ListItem","position":2,"name":"Ulkoministeri\u00f6 kannustaa tapahtuma-alaa nostamaan suomalaisen ruokakulttuurin n\u00e4kyv\u00e4ksi osaksi kansainv\u00e4lisi\u00e4 vierailuja"}]},{"@type":"WebSite","@id":"https:\/\/fbta.net\/#website","url":"https:\/\/fbta.net\/","name":"FBTA","description":"Founded in 1984, the Finnish Business Travel Association is an organization for business travel buyers and suppliers, with the mission to enhance the understanding, knowledge and skills required in corporate travel and meetings management as well as procurement.","publisher":{"@id":"https:\/\/fbta.net\/#organization"},"potentialAction":[{"@type":"SearchAction","target":{"@type":"EntryPoint","urlTemplate":"https:\/\/fbta.net\/?s={search_term_string}"},"query-input":{"@type":"PropertyValueSpecification","valueRequired":true,"valueName":"search_term_string"}}],"inLanguage":"en-GB"},{"@type":"Organization","@id":"https:\/\/fbta.net\/#organization","name":"FBTA","url":"https:\/\/fbta.net\/","logo":{"@type":"ImageObject","inLanguage":"en-GB","@id":"https:\/\/fbta.net\/#\/schema\/logo\/image\/","url":"https:\/\/fbta.net\/wp-content\/uploads\/FBTA_logo_RGB_150dpi_withtext.png","contentUrl":"https:\/\/fbta.net\/wp-content\/uploads\/FBTA_logo_RGB_150dpi_withtext.png","width":827,"height":531,"caption":"Suomen Liikematkayhdistys ry FBTA"},"image":{"@id":"https:\/\/fbta.net\/#\/schema\/logo\/image\/"}},{"@type":"Person","@id":"https:\/\/fbta.net\/#\/schema\/person\/4a2dd909646c4dc6a80f998e7ad6b4b8","name":"Sari Viljamaa","image":{"@type":"ImageObject","inLanguage":"en-GB","@id":"https:\/\/secure.gravatar.com\/avatar\/eab906c18da9dd23de305013510035c7d1c6ef789231b3cce980a767e530840a?s=96&d=mm&r=g","url":"https:\/\/secure.gravatar.com\/avatar\/eab906c18da9dd23de305013510035c7d1c6ef789231b3cce980a767e530840a?s=96&d=mm&r=g","contentUrl":"https:\/\/secure.gravatar.com\/avatar\/eab906c18da9dd23de305013510035c7d1c6ef789231b3cce980a767e530840a?s=96&d=mm&r=g","caption":"Sari Viljamaa"}}]}},"spectra_custom_meta":{"_uagb_previous_block_counts":["a:90:{s:21:\"uagb\/advanced-heading\";i:0;s:15:\"uagb\/blockquote\";i:0;s:12:\"uagb\/buttons\";i:0;s:18:\"uagb\/buttons-child\";i:0;s:19:\"uagb\/call-to-action\";i:0;s:15:\"uagb\/cf7-styler\";i:0;s:11:\"uagb\/column\";i:0;s:12:\"uagb\/columns\";i:0;s:14:\"uagb\/container\";i:0;s:21:\"uagb\/content-timeline\";i:0;s:27:\"uagb\/content-timeline-child\";i:0;s:14:\"uagb\/countdown\";i:0;s:12:\"uagb\/counter\";i:0;s:8:\"uagb\/faq\";i:0;s:14:\"uagb\/faq-child\";i:0;s:10:\"uagb\/forms\";i:0;s:17:\"uagb\/forms-accept\";i:0;s:19:\"uagb\/forms-checkbox\";i:0;s:15:\"uagb\/forms-date\";i:0;s:16:\"uagb\/forms-email\";i:0;s:17:\"uagb\/forms-hidden\";i:0;s:15:\"uagb\/forms-name\";i:0;s:16:\"uagb\/forms-phone\";i:0;s:16:\"uagb\/forms-radio\";i:0;s:17:\"uagb\/forms-select\";i:0;s:19:\"uagb\/forms-textarea\";i:0;s:17:\"uagb\/forms-toggle\";i:0;s:14:\"uagb\/forms-url\";i:0;s:14:\"uagb\/gf-styler\";i:0;s:15:\"uagb\/google-map\";i:0;s:11:\"uagb\/how-to\";i:0;s:16:\"uagb\/how-to-step\";i:0;s:9:\"uagb\/icon\";i:0;s:14:\"uagb\/icon-list\";i:0;s:20:\"uagb\/icon-list-child\";i:0;s:10:\"uagb\/image\";i:0;s:18:\"uagb\/image-gallery\";i:0;s:13:\"uagb\/info-box\";i:0;s:18:\"uagb\/inline-notice\";i:0;s:11:\"uagb\/lottie\";i:0;s:21:\"uagb\/marketing-button\";i:0;s:10:\"uagb\/modal\";i:0;s:18:\"uagb\/popup-builder\";i:0;s:16:\"uagb\/post-button\";i:0;s:18:\"uagb\/post-carousel\";i:0;s:17:\"uagb\/post-excerpt\";i:0;s:14:\"uagb\/post-grid\";i:0;s:15:\"uagb\/post-image\";i:0;s:17:\"uagb\/post-masonry\";i:0;s:14:\"uagb\/post-meta\";i:0;s:18:\"uagb\/post-taxonomy\";i:0;s:18:\"uagb\/post-timeline\";i:0;s:15:\"uagb\/post-title\";i:0;s:20:\"uagb\/restaurant-menu\";i:0;s:26:\"uagb\/restaurant-menu-child\";i:0;s:11:\"uagb\/review\";i:0;s:12:\"uagb\/section\";i:0;s:14:\"uagb\/separator\";i:0;s:11:\"uagb\/slider\";i:0;s:17:\"uagb\/slider-child\";i:0;s:17:\"uagb\/social-share\";i:0;s:23:\"uagb\/social-share-child\";i:0;s:16:\"uagb\/star-rating\";i:0;s:23:\"uagb\/sure-cart-checkout\";i:0;s:22:\"uagb\/sure-cart-product\";i:0;s:15:\"uagb\/sure-forms\";i:0;s:22:\"uagb\/table-of-contents\";i:0;s:9:\"uagb\/tabs\";i:0;s:15:\"uagb\/tabs-child\";i:0;s:18:\"uagb\/taxonomy-list\";i:0;s:9:\"uagb\/team\";i:0;s:16:\"uagb\/testimonial\";i:0;s:14:\"uagb\/wp-search\";i:0;s:19:\"uagb\/instagram-feed\";i:0;s:10:\"uagb\/login\";i:0;s:17:\"uagb\/loop-builder\";i:0;s:18:\"uagb\/loop-category\";i:0;s:20:\"uagb\/loop-pagination\";i:0;s:15:\"uagb\/loop-reset\";i:0;s:16:\"uagb\/loop-search\";i:0;s:14:\"uagb\/loop-sort\";i:0;s:17:\"uagb\/loop-wrapper\";i:0;s:13:\"uagb\/register\";i:0;s:19:\"uagb\/register-email\";i:0;s:24:\"uagb\/register-first-name\";i:0;s:23:\"uagb\/register-last-name\";i:0;s:22:\"uagb\/register-password\";i:0;s:30:\"uagb\/register-reenter-password\";i:0;s:19:\"uagb\/register-terms\";i:0;s:22:\"uagb\/register-username\";i:0;}"],"_edit_lock":["1788514564:5"],"_edit_last":["5"],"_encloseme":["1"],"_genesis_scripts_body_position":["bottom"],"_yoast_wpseo_primary_category":["1"],"_yoast_wpseo_content_score":["90"],"_yoast_wpseo_estimated-reading-time-minutes":["1"],"_uag_page_assets":["a:9:{s:3:\"css\";s:260:\".uag-blocks-common-selector{z-index:var(--z-index-desktop) !important}@media(max-width: 976px){.uag-blocks-common-selector{z-index:var(--z-index-tablet) !important}}@media(max-width: 767px){.uag-blocks-common-selector{z-index:var(--z-index-mobile) !important}}\";s:2:\"js\";s:0:\"\";s:18:\"current_block_list\";a:2:{i:0;s:14:\"core\/paragraph\";i:1;s:10:\"core\/cover\";}s:8:\"uag_flag\";b:0;s:11:\"uag_version\";i:1788514563;s:6:\"gfonts\";a:0:{}s:10:\"gfonts_url\";s:0:\"\";s:12:\"gfonts_files\";a:0:{}s:14:\"uag_faq_layout\";b:0;}"],"_uag_css_file_name":["uag-css-7412.css"],"_cmplz_scanned_post":["1"]},"uagb_featured_image_src":{"full":false,"thumbnail":false,"medium":false,"medium_large":false,"large":false,"1536x1536":false,"2048x2048":false,"trp-custom-language-flag":false,"sidebar-featured":false,"genesis-singular-images":false,"mailpoet_newsletter_max":false},"uagb_author_info":{"display_name":"Sari Viljamaa","author_link":"https:\/\/fbta.net\/en\/author\/sari-viljamaafbta-net\/"},"uagb_comment_info":0,"uagb_excerpt":"Ulkoministeri\u00f6 on k\u00e4ynnist\u00e4nyt pilottiyhteisty\u00f6n hotelli- ja tapahtuma-alan toimijoiden kanssa vahvistaakseen suomalaisen ruokakulttuurin n\u00e4kyvyytt\u00e4 kansainv\u00e4lisiss\u00e4 kokouksissa ja tapahtumissa. Samalla ulkoministeri\u00f6 kannustaa koko tapahtuma-alan tekem\u00e4\u00e4n suomalaisista mauista entist\u00e4 n\u00e4kyv\u00e4mm\u00e4n osan kansainv\u00e4listen vieraiden [&hellip;]","_links":{"self":[{"href":"https:\/\/fbta.net\/en\/wp-json\/wp\/v2\/posts\/7412","targetHints":{"allow":["GET"]}}],"collection":[{"href":"https:\/\/fbta.net\/en\/wp-json\/wp\/v2\/posts"}],"about":[{"href":"https:\/\/fbta.net\/en\/wp-json\/wp\/v2\/types\/post"}],"author":[{"embeddable":true,"href":"https:\/\/fbta.net\/en\/wp-json\/wp\/v2\/users\/5"}],"replies":[{"embeddable":true,"href":"https:\/\/fbta.net\/en\/wp-json\/wp\/v2\/comments?post=7412"}],"version-history":[{"count":1,"href":"https:\/\/fbta.net\/en\/wp-json\/wp\/v2\/posts\/7412\/revisions"}],"predecessor-version":[{"id":7413,"href":"https:\/\/fbta.net\/en\/wp-json\/wp\/v2\/posts\/7412\/revisions\/7413"}],"wp:attachment":[{"href":"https:\/\/fbta.net\/en\/wp-json\/wp\/v2\/media?parent=7412"}],"wp:term":[{"taxonomy":"category","embeddable":true,"href":"https:\/\/fbta.net\/en\/wp-json\/wp\/v2\/categories?post=7412"},{"taxonomy":"post_tag","embeddable":true,"href":"https:\/\/fbta.net\/en\/wp-json\/wp\/v2\/tags?post=7412"}],"curies":[{"name":"wp","href":"https:\/\/api.w.org\/{rel}","templated":true}]}}